{"id":121,"date":"2018-10-07T19:39:26","date_gmt":"2018-10-07T17:39:26","guid":{"rendered":"http:\/\/association-orchis-reconstitution.fr\/?p=121"},"modified":"2018-10-07T20:01:05","modified_gmt":"2018-10-07T18:01:05","slug":"article-sur-le-cuir-bouilli-publie-dans-histoire-images-medievales","status":"publish","type":"post","link":"https:\/\/association-orchis-reconstitution.fr\/?p=121","title":{"rendered":"Article sur le \u00ab\u00a0cuir bouilli\u00a0\u00bb publi\u00e9 dans le n\u00b019 de Histoire &#038; Images M\u00e9di\u00e9vales"},"content":{"rendered":"<p>C&rsquo;est avec l&rsquo;aimable autorisation de Fr\u00e9d\u00e9ric Wittner de l&rsquo;ancienne r\u00e9daction de Histoires &amp; Images M\u00e9di\u00e9vales que je mets en ligne cet article publi\u00e9 en avril\/mai 2008.<\/p>\n<p>Je l&rsquo;avais quo-r\u00e9dig\u00e9 avec Catherine Lonchambon (directrice de la r\u00e9daction 2005\/2010) et Mich\u00e8le Bois (docteur en arch\u00e9ologie m\u00e9di\u00e9vale).<\/p>\n<p>Depuis cet article, nos recherches ont mis \u00e0 jour d&rsquo;autres remarques dont je vous ferai part dans une prochaine publication sur ce blog.<\/p>\n<p><img loading=\"lazy\" decoding=\"async\" class=\"aligncenter size-full wp-image-120\" src=\"http:\/\/association-orchis-reconstitution.fr\/wp-content\/uploads\/2018\/10\/img278.jpg\" alt=\"\" width=\"2476\" height=\"3472\" srcset=\"https:\/\/association-orchis-reconstitution.fr\/wp-content\/uploads\/2018\/10\/img278.jpg 2476w, https:\/\/association-orchis-reconstitution.fr\/wp-content\/uploads\/2018\/10\/img278-214x300.jpg 214w, https:\/\/association-orchis-reconstitution.fr\/wp-content\/uploads\/2018\/10\/img278-768x1077.jpg 768w, https:\/\/association-orchis-reconstitution.fr\/wp-content\/uploads\/2018\/10\/img278-730x1024.jpg 730w, https:\/\/association-orchis-reconstitution.fr\/wp-content\/uploads\/2018\/10\/img278-1200x1683.jpg 1200w\" sizes=\"(max-width: 709px) 85vw, (max-width: 909px) 67vw, (max-width: 1362px) 62vw, 840px\" \/><\/p>\n<p><img loading=\"lazy\" decoding=\"async\" class=\"size-full wp-image-119 alignleft\" src=\"http:\/\/association-orchis-reconstitution.fr\/wp-content\/uploads\/2018\/10\/img279.jpg\" alt=\"\" width=\"2476\" height=\"3472\" srcset=\"https:\/\/association-orchis-reconstitution.fr\/wp-content\/uploads\/2018\/10\/img279.jpg 2476w, https:\/\/association-orchis-reconstitution.fr\/wp-content\/uploads\/2018\/10\/img279-214x300.jpg 214w, https:\/\/association-orchis-reconstitution.fr\/wp-content\/uploads\/2018\/10\/img279-768x1077.jpg 768w, https:\/\/association-orchis-reconstitution.fr\/wp-content\/uploads\/2018\/10\/img279-730x1024.jpg 730w, https:\/\/association-orchis-reconstitution.fr\/wp-content\/uploads\/2018\/10\/img279-1200x1683.jpg 1200w\" sizes=\"(max-width: 709px) 85vw, (max-width: 909px) 67vw, (max-width: 1362px) 62vw, 840px\" \/><\/p>\n<p><img loading=\"lazy\" decoding=\"async\" class=\"size-full wp-image-118 alignleft\" src=\"http:\/\/association-orchis-reconstitution.fr\/wp-content\/uploads\/2018\/10\/img280.jpg\" alt=\"\" width=\"2476\" height=\"3472\" srcset=\"https:\/\/association-orchis-reconstitution.fr\/wp-content\/uploads\/2018\/10\/img280.jpg 2476w, https:\/\/association-orchis-reconstitution.fr\/wp-content\/uploads\/2018\/10\/img280-214x300.jpg 214w, https:\/\/association-orchis-reconstitution.fr\/wp-content\/uploads\/2018\/10\/img280-768x1077.jpg 768w, https:\/\/association-orchis-reconstitution.fr\/wp-content\/uploads\/2018\/10\/img280-730x1024.jpg 730w, https:\/\/association-orchis-reconstitution.fr\/wp-content\/uploads\/2018\/10\/img280-1200x1683.jpg 1200w\" sizes=\"(max-width: 709px) 85vw, (max-width: 909px) 67vw, (max-width: 1362px) 62vw, 840px\" \/><\/p>\n<p><img loading=\"lazy\" decoding=\"async\" class=\"size-full wp-image-117 alignleft\" src=\"http:\/\/association-orchis-reconstitution.fr\/wp-content\/uploads\/2018\/10\/img281.jpg\" alt=\"\" width=\"2476\" height=\"3472\" srcset=\"https:\/\/association-orchis-reconstitution.fr\/wp-content\/uploads\/2018\/10\/img281.jpg 2476w, https:\/\/association-orchis-reconstitution.fr\/wp-content\/uploads\/2018\/10\/img281-214x300.jpg 214w, https:\/\/association-orchis-reconstitution.fr\/wp-content\/uploads\/2018\/10\/img281-768x1077.jpg 768w, https:\/\/association-orchis-reconstitution.fr\/wp-content\/uploads\/2018\/10\/img281-730x1024.jpg 730w, https:\/\/association-orchis-reconstitution.fr\/wp-content\/uploads\/2018\/10\/img281-1200x1683.jpg 1200w\" sizes=\"(max-width: 709px) 85vw, (max-width: 909px) 67vw, (max-width: 1362px) 62vw, 840px\" \/><\/p>\n<p><img loading=\"lazy\" decoding=\"async\" class=\"wp-image-116 size-full alignleft\" src=\"http:\/\/association-orchis-reconstitution.fr\/wp-content\/uploads\/2018\/10\/img282.jpg\" alt=\"\" width=\"2530\" height=\"3472\" srcset=\"https:\/\/association-orchis-reconstitution.fr\/wp-content\/uploads\/2018\/10\/img282.jpg 2530w, https:\/\/association-orchis-reconstitution.fr\/wp-content\/uploads\/2018\/10\/img282-219x300.jpg 219w, https:\/\/association-orchis-reconstitution.fr\/wp-content\/uploads\/2018\/10\/img282-768x1054.jpg 768w, https:\/\/association-orchis-reconstitution.fr\/wp-content\/uploads\/2018\/10\/img282-746x1024.jpg 746w, https:\/\/association-orchis-reconstitution.fr\/wp-content\/uploads\/2018\/10\/img282-1200x1647.jpg 1200w\" sizes=\"(max-width: 709px) 85vw, (max-width: 909px) 67vw, (max-width: 1362px) 62vw, 840px\" \/><\/p>\n<p><img loading=\"lazy\" decoding=\"async\" class=\"size-full wp-image-115 alignleft\" src=\"http:\/\/association-orchis-reconstitution.fr\/wp-content\/uploads\/2018\/10\/img283.jpg\" alt=\"\" width=\"2530\" height=\"3472\" srcset=\"https:\/\/association-orchis-reconstitution.fr\/wp-content\/uploads\/2018\/10\/img283.jpg 2530w, https:\/\/association-orchis-reconstitution.fr\/wp-content\/uploads\/2018\/10\/img283-219x300.jpg 219w, https:\/\/association-orchis-reconstitution.fr\/wp-content\/uploads\/2018\/10\/img283-768x1054.jpg 768w, https:\/\/association-orchis-reconstitution.fr\/wp-content\/uploads\/2018\/10\/img283-746x1024.jpg 746w, https:\/\/association-orchis-reconstitution.fr\/wp-content\/uploads\/2018\/10\/img283-1200x1647.jpg 1200w\" sizes=\"(max-width: 709px) 85vw, (max-width: 909px) 67vw, (max-width: 1362px) 62vw, 840px\" \/><\/p>\n<p><img loading=\"lazy\" decoding=\"async\" class=\"size-full wp-image-114 alignleft\" src=\"http:\/\/association-orchis-reconstitution.fr\/wp-content\/uploads\/2018\/10\/img284.jpg\" alt=\"\" width=\"2530\" height=\"3472\" srcset=\"https:\/\/association-orchis-reconstitution.fr\/wp-content\/uploads\/2018\/10\/img284.jpg 2530w, https:\/\/association-orchis-reconstitution.fr\/wp-content\/uploads\/2018\/10\/img284-219x300.jpg 219w, https:\/\/association-orchis-reconstitution.fr\/wp-content\/uploads\/2018\/10\/img284-768x1054.jpg 768w, https:\/\/association-orchis-reconstitution.fr\/wp-content\/uploads\/2018\/10\/img284-746x1024.jpg 746w, https:\/\/association-orchis-reconstitution.fr\/wp-content\/uploads\/2018\/10\/img284-1200x1647.jpg 1200w\" sizes=\"(max-width: 709px) 85vw, (max-width: 909px) 67vw, (max-width: 1362px) 62vw, 840px\" \/><\/p>\n<p><img loading=\"lazy\" decoding=\"async\" class=\"size-full wp-image-113 alignleft\" src=\"http:\/\/association-orchis-reconstitution.fr\/wp-content\/uploads\/2018\/10\/img285.jpg\" alt=\"\" width=\"2530\" height=\"3472\" srcset=\"https:\/\/association-orchis-reconstitution.fr\/wp-content\/uploads\/2018\/10\/img285.jpg 2530w, https:\/\/association-orchis-reconstitution.fr\/wp-content\/uploads\/2018\/10\/img285-219x300.jpg 219w, https:\/\/association-orchis-reconstitution.fr\/wp-content\/uploads\/2018\/10\/img285-768x1054.jpg 768w, https:\/\/association-orchis-reconstitution.fr\/wp-content\/uploads\/2018\/10\/img285-746x1024.jpg 746w, https:\/\/association-orchis-reconstitution.fr\/wp-content\/uploads\/2018\/10\/img285-1200x1647.jpg 1200w\" sizes=\"(max-width: 709px) 85vw, (max-width: 909px) 67vw, (max-width: 1362px) 62vw, 840px\" \/><\/p>\n<div id='contact-form-121'>\n<form action='https:\/\/association-orchis-reconstitution.fr\/?p=121#contact-form-121' method='post' class='contact-form commentsblock'>\n\n<div>\n\t\t<label for='g121-nom' class='grunion-field-label name'>Nom<span>(obligatoire)<\/span><\/label>\n\t\t<input type='text' name='g121-nom' id='g121-nom' value='' class='name'  required aria-required='true'\/>\n\t<\/div>\n\n<div>\n\t\t<label for='g121-email' class='grunion-field-label email'>E-mail<span>(obligatoire)<\/span><\/label>\n\t\t<input type='email' name='g121-email' id='g121-email' value='' class='email'  required aria-required='true'\/>\n\t<\/div>\n\n<div>\n\t\t<label for='g121' class='grunion-field-label text'><span>(obligatoire)<\/span><\/label>\n\t\t<input type='text' name='g121' id='g121' value='' class='text'  required aria-required='true'\/>\n\t<\/div>\n\t<p class='contact-submit'>\n\t\t<input type='submit' value='Envoyer &#187;' class='pushbutton-wide'\/>\n\t\t<input type='hidden' name='contact-form-id' value='121' \/>\n\t\t<input type='hidden' name='action' value='grunion-contact-form' \/>\n\t\t<input type='hidden' name='contact-form-hash' value='a6a3e8a7e3dc468a80dc812032c32e7763585cac' \/>\n\t<\/p>\n<\/form>\n<\/div>\n","protected":false},"excerpt":{"rendered":"<p>C&rsquo;est avec l&rsquo;aimable autorisation de Fr\u00e9d\u00e9ric Wittner de l&rsquo;ancienne r\u00e9daction de Histoires &amp; Images M\u00e9di\u00e9vales que je mets en ligne cet article publi\u00e9 en avril\/mai 2008. Je l&rsquo;avais quo-r\u00e9dig\u00e9 avec Catherine Lonchambon (directrice de la r\u00e9daction 2005\/2010) et Mich\u00e8le Bois (docteur en arch\u00e9ologie m\u00e9di\u00e9vale). Depuis cet article, nos recherches ont mis \u00e0 jour d&rsquo;autres remarques &hellip; <a href=\"https:\/\/association-orchis-reconstitution.fr\/?p=121\" class=\"more-link\">Continuer la lecture<span class=\"screen-reader-text\"> de &laquo;&nbsp;Article sur le \u00ab\u00a0cuir bouilli\u00a0\u00bb publi\u00e9 dans le n\u00b019 de Histoire &#038; Images M\u00e9di\u00e9vales&nbsp;&raquo;<\/span><\/a><\/p>\n","protected":false},"author":1,"featured_media":0,"comment_status":"open","ping_status":"open","sticky":false,"template":"","format":"standard","meta":{"footnotes":""},"categories":[6],"tags":[8,7,12,10,11,9],"_links":{"self":[{"href":"https:\/\/association-orchis-reconstitution.fr\/index.php?rest_route=\/wp\/v2\/posts\/121"}],"collection":[{"href":"https:\/\/association-orchis-reconstitution.fr\/index.php?rest_route=\/wp\/v2\/posts"}],"about":[{"href":"https:\/\/association-orchis-reconstitution.fr\/index.php?rest_route=\/wp\/v2\/types\/post"}],"author":[{"embeddable":true,"href":"https:\/\/association-orchis-reconstitution.fr\/index.php?rest_route=\/wp\/v2\/users\/1"}],"replies":[{"embeddable":true,"href":"https:\/\/association-orchis-reconstitution.fr\/index.php?rest_route=%2Fwp%2Fv2%2Fcomments&post=121"}],"version-history":[{"count":13,"href":"https:\/\/association-orchis-reconstitution.fr\/index.php?rest_route=\/wp\/v2\/posts\/121\/revisions"}],"predecessor-version":[{"id":365,"href":"https:\/\/association-orchis-reconstitution.fr\/index.php?rest_route=\/wp\/v2\/posts\/121\/revisions\/365"}],"wp:attachment":[{"href":"https:\/\/association-orchis-reconstitution.fr\/index.php?rest_route=%2Fwp%2Fv2%2Fmedia&parent=121"}],"wp:term":[{"taxonomy":"category","embeddable":true,"href":"https:\/\/association-orchis-reconstitution.fr\/index.php?rest_route=%2Fwp%2Fv2%2Fcategories&post=121"},{"taxonomy":"post_tag","embeddable":true,"href":"https:\/\/association-orchis-reconstitution.fr\/index.php?rest_route=%2Fwp%2Fv2%2Ftags&post=121"}],"curies":[{"name":"wp","href":"https:\/\/api.w.org\/{rel}","templated":true}]}}