{"id":348,"date":"2019-01-07T13:42:33","date_gmt":"2019-01-07T12:42:33","guid":{"rendered":"http:\/\/association-orchis-reconstitution.fr\/?p=348"},"modified":"2024-03-27T08:41:23","modified_gmt":"2024-03-27T07:41:23","slug":"essai-de-reconstitution-dun-seau-en-cuir-bouilli-de-la-fin-du-16eme-ou-du-17eme-siecle","status":"publish","type":"post","link":"https:\/\/association-orchis-reconstitution.fr\/?p=348","title":{"rendered":"Essai de reconstitution d&rsquo;un seau en \u00ab\u00a0cuir bouilli\u00a0\u00bb de la fin du 16\u00e8 si\u00e8cle ou du 17\u00e8 si\u00e8cle"},"content":{"rendered":"<p><img loading=\"lazy\" decoding=\"async\" class=\"alignnone wp-image-351\" src=\"http:\/\/association-orchis-reconstitution.fr\/wp-content\/uploads\/2019\/01\/seau-cuir-bouilli2.jpg\" alt=\"\" width=\"500\" height=\"1105\" srcset=\"https:\/\/association-orchis-reconstitution.fr\/wp-content\/uploads\/2019\/01\/seau-cuir-bouilli2.jpg 400w, https:\/\/association-orchis-reconstitution.fr\/wp-content\/uploads\/2019\/01\/seau-cuir-bouilli2-136x300.jpg 136w\" sizes=\"(max-width: 500px) 85vw, 500px\" \/><\/p>\n<p>Ce seau en cuir durci a \u00e9t\u00e9 command\u00e9 par le<a href=\"https:\/\/www.lyon-france.com\/Je-decouvre-Lyon\/culture-et-musees\/Musees\/Musee-des-Sapeurs-Pompiers-Lyon-Rhone\"> mus\u00e9e des pompiers de Lyon<\/a> car cet objet manquait \u00e0 leur collection.<\/p>\n<p>Les mod\u00e8les d&rsquo;\u00e9poque \u00e9tant aussi on\u00e9reux qu&rsquo;introuvables, j&rsquo;ai eu pour mission de reconstituer le plus fid\u00e8lement possible ce seau d&rsquo;apr\u00e8s des documents issus d&rsquo;une collection priv\u00e9e.<\/p>\n<p>Il a \u00e9t\u00e9 r\u00e9alis\u00e9 de deux couches de cuir de bovin de 3,5 mm, durci selon <a href=\"http:\/\/Notre essai de re-fabrication d'un \u00e9tui en cuir &quot;bouilli&quot;\">ma technique \u00e0 la g\u00e9latine<\/a>. Puis badigeonn\u00e9 d&rsquo;huile de lin siccative.<\/p>\n<p>Muni de renforts en cuir et en corde de chanvre, il est l\u00e9ger, \u00e9tanche, rigide et incassable.<\/p>\n<p>Les coutures au point sellier sont r\u00e9alis\u00e9es avec du fil de lin poiss\u00e9.<\/p>\n<p><img loading=\"lazy\" decoding=\"async\" class=\"size-full wp-image-350 alignright\" src=\"http:\/\/association-orchis-reconstitution.fr\/wp-content\/uploads\/2019\/01\/seau-cuir-bouilli-haut.jpg\" alt=\"\" width=\"400\" height=\"486\" srcset=\"https:\/\/association-orchis-reconstitution.fr\/wp-content\/uploads\/2019\/01\/seau-cuir-bouilli-haut.jpg 400w, https:\/\/association-orchis-reconstitution.fr\/wp-content\/uploads\/2019\/01\/seau-cuir-bouilli-haut-247x300.jpg 247w\" sizes=\"(max-width: 400px) 85vw, 400px\" \/><\/p>\n<p>Devant les ravages que pouvait provoquer un incendie dans une ville, par d\u00e9cret, chaque propri\u00e9taire de maison \u00e9tait tenu de faire fabriquer un certain nombre de seaux \u00e0 incendie.<\/p>\n<p>Il en existait aussi en tissu ou en osier.<\/p>\n<p id=\"yui_3_5_0_1_1404138084805_160453\"><span id=\"yui_3_5_0_1_1404138084805_160452\"><span id=\"yui_3_5_0_1_1404138084805_160451\"><span id=\"yui_3_5_0_1_1404138084805_160450\">Ce mod\u00e8le a n\u00e9cessit\u00e9 une trentaine d&rsquo;heures de travail, en comptant le plan de r\u00e9alisation ci-dessous.<\/span><\/span><\/span><\/p>\n<p><img loading=\"lazy\" decoding=\"async\" class=\"alignleft size-full wp-image-555\" src=\"http:\/\/association-orchis-reconstitution.fr\/wp-content\/uploads\/2019\/01\/schema-seau-1.jpg\" alt=\"\" width=\"1170\" height=\"827\" srcset=\"https:\/\/association-orchis-reconstitution.fr\/wp-content\/uploads\/2019\/01\/schema-seau-1.jpg 1170w, https:\/\/association-orchis-reconstitution.fr\/wp-content\/uploads\/2019\/01\/schema-seau-1-300x212.jpg 300w, https:\/\/association-orchis-reconstitution.fr\/wp-content\/uploads\/2019\/01\/schema-seau-1-1024x724.jpg 1024w, https:\/\/association-orchis-reconstitution.fr\/wp-content\/uploads\/2019\/01\/schema-seau-1-768x543.jpg 768w\" sizes=\"(max-width: 709px) 85vw, (max-width: 909px) 67vw, (max-width: 1362px) 62vw, 840px\" \/><\/p>\n<p>Voici, ci-dessous, le seau original sur lequel je me suis appuy\u00e9e pour r\u00e9aliser cette reconstitution.<\/p>\n<p><img loading=\"lazy\" decoding=\"async\" class=\"alignleft  wp-image-353\" src=\"http:\/\/association-orchis-reconstitution.fr\/wp-content\/uploads\/2019\/01\/seau-17eme-cuir-bouilli-2.jpg\" alt=\"\" width=\"343\" height=\"482\" srcset=\"https:\/\/association-orchis-reconstitution.fr\/wp-content\/uploads\/2019\/01\/seau-17eme-cuir-bouilli-2.jpg 1000w, https:\/\/association-orchis-reconstitution.fr\/wp-content\/uploads\/2019\/01\/seau-17eme-cuir-bouilli-2-214x300.jpg 214w, https:\/\/association-orchis-reconstitution.fr\/wp-content\/uploads\/2019\/01\/seau-17eme-cuir-bouilli-2-768x1079.jpg 768w, https:\/\/association-orchis-reconstitution.fr\/wp-content\/uploads\/2019\/01\/seau-17eme-cuir-bouilli-2-729x1024.jpg 729w\" sizes=\"(max-width: 343px) 85vw, 343px\" \/><\/p>\n<blockquote><p>Le mus\u00e9e des pompiers de Lyon recherche tout texte ou image concernant la lutte contre les incendies, de l&rsquo;antiquit\u00e9 jusqu&rsquo;\u00e0\u00a0 la fin du Moyen Age.<\/p>\n<p>Merci d&rsquo;envoyer les documents \u00e0 association.orchis@gmail qui transmettra.<\/p><\/blockquote>\n","protected":false},"excerpt":{"rendered":"<p>Ce seau en cuir durci a \u00e9t\u00e9 command\u00e9 par le mus\u00e9e des pompiers de Lyon car cet objet manquait \u00e0 leur collection. Les mod\u00e8les d&rsquo;\u00e9poque \u00e9tant aussi on\u00e9reux qu&rsquo;introuvables, j&rsquo;ai eu pour mission de reconstituer le plus fid\u00e8lement possible ce seau d&rsquo;apr\u00e8s des documents issus d&rsquo;une collection priv\u00e9e. Il a \u00e9t\u00e9 r\u00e9alis\u00e9 de deux couches &hellip; <a href=\"https:\/\/association-orchis-reconstitution.fr\/?p=348\" class=\"more-link\">Continuer la lecture<span class=\"screen-reader-text\"> de &laquo;&nbsp;Essai de reconstitution d&rsquo;un seau en \u00ab\u00a0cuir bouilli\u00a0\u00bb de la fin du 16\u00e8 si\u00e8cle ou du 17\u00e8 si\u00e8cle&nbsp;&raquo;<\/span><\/a><\/p>\n","protected":false},"author":1,"featured_media":0,"comment_status":"open","ping_status":"open","sticky":false,"template":"","format":"standard","meta":{"footnotes":""},"categories":[26,22,24],"tags":[46,32,47,9,45],"_links":{"self":[{"href":"https:\/\/association-orchis-reconstitution.fr\/index.php?rest_route=\/wp\/v2\/posts\/348"}],"collection":[{"href":"https:\/\/association-orchis-reconstitution.fr\/index.php?rest_route=\/wp\/v2\/posts"}],"about":[{"href":"https:\/\/association-orchis-reconstitution.fr\/index.php?rest_route=\/wp\/v2\/types\/post"}],"author":[{"embeddable":true,"href":"https:\/\/association-orchis-reconstitution.fr\/index.php?rest_route=\/wp\/v2\/users\/1"}],"replies":[{"embeddable":true,"href":"https:\/\/association-orchis-reconstitution.fr\/index.php?rest_route=%2Fwp%2Fv2%2Fcomments&post=348"}],"version-history":[{"count":7,"href":"https:\/\/association-orchis-reconstitution.fr\/index.php?rest_route=\/wp\/v2\/posts\/348\/revisions"}],"predecessor-version":[{"id":556,"href":"https:\/\/association-orchis-reconstitution.fr\/index.php?rest_route=\/wp\/v2\/posts\/348\/revisions\/556"}],"wp:attachment":[{"href":"https:\/\/association-orchis-reconstitution.fr\/index.php?rest_route=%2Fwp%2Fv2%2Fmedia&parent=348"}],"wp:term":[{"taxonomy":"category","embeddable":true,"href":"https:\/\/association-orchis-reconstitution.fr\/index.php?rest_route=%2Fwp%2Fv2%2Fcategories&post=348"},{"taxonomy":"post_tag","embeddable":true,"href":"https:\/\/association-orchis-reconstitution.fr\/index.php?rest_route=%2Fwp%2Fv2%2Ftags&post=348"}],"curies":[{"name":"wp","href":"https:\/\/api.w.org\/{rel}","templated":true}]}}