{"id":495,"date":"2020-07-07T10:38:56","date_gmt":"2020-07-07T08:38:56","guid":{"rendered":"http:\/\/association-orchis-reconstitution.fr\/?p=495"},"modified":"2020-07-07T10:42:32","modified_gmt":"2020-07-07T08:42:32","slug":"lacquisition-des-matieres-textiles-dorigine-vegetale-en-prehistoire","status":"publish","type":"post","link":"https:\/\/association-orchis-reconstitution.fr\/?p=495","title":{"rendered":"L\u2019acquisition des mati\u00e8res textiles d\u2019origine v\u00e9g\u00e9tale en pr\u00e9histoire"},"content":{"rendered":"<p><a href=\"https:\/\/journals.openedition.org\/nda\/602\">https:\/\/journals.openedition.org\/nda\/602<\/a><\/p>\n","protected":false},"excerpt":{"rendered":"<p>https:\/\/journals.openedition.org\/nda\/602<\/p>\n","protected":false},"author":1,"featured_media":0,"comment_status":"open","ping_status":"open","sticky":false,"template":"","format":"link","meta":{"footnotes":""},"categories":[83],"tags":[81,76,77,80,78,75,79,82],"_links":{"self":[{"href":"https:\/\/association-orchis-reconstitution.fr\/index.php?rest_route=\/wp\/v2\/posts\/495"}],"collection":[{"href":"https:\/\/association-orchis-reconstitution.fr\/index.php?rest_route=\/wp\/v2\/posts"}],"about":[{"href":"https:\/\/association-orchis-reconstitution.fr\/index.php?rest_route=\/wp\/v2\/types\/post"}],"author":[{"embeddable":true,"href":"https:\/\/association-orchis-reconstitution.fr\/index.php?rest_route=\/wp\/v2\/users\/1"}],"replies":[{"embeddable":true,"href":"https:\/\/association-orchis-reconstitution.fr\/index.php?rest_route=%2Fwp%2Fv2%2Fcomments&post=495"}],"version-history":[{"count":1,"href":"https:\/\/association-orchis-reconstitution.fr\/index.php?rest_route=\/wp\/v2\/posts\/495\/revisions"}],"predecessor-version":[{"id":496,"href":"https:\/\/association-orchis-reconstitution.fr\/index.php?rest_route=\/wp\/v2\/posts\/495\/revisions\/496"}],"wp:attachment":[{"href":"https:\/\/association-orchis-reconstitution.fr\/index.php?rest_route=%2Fwp%2Fv2%2Fmedia&parent=495"}],"wp:term":[{"taxonomy":"category","embeddable":true,"href":"https:\/\/association-orchis-reconstitution.fr\/index.php?rest_route=%2Fwp%2Fv2%2Fcategories&post=495"},{"taxonomy":"post_tag","embeddable":true,"href":"https:\/\/association-orchis-reconstitution.fr\/index.php?rest_route=%2Fwp%2Fv2%2Ftags&post=495"}],"curies":[{"name":"wp","href":"https:\/\/api.w.org\/{rel}","templated":true}]}}